{"id":2762,"date":"2025-09-20T15:40:17","date_gmt":"2025-09-20T15:40:17","guid":{"rendered":"https:\/\/interazionearmonica.com\/blog\/?p=2762"},"modified":"2025-09-20T15:40:17","modified_gmt":"2025-09-20T15:40:17","slug":"equinozio-di-autunno-2","status":"publish","type":"post","link":"https:\/\/interazionearmonica.com\/blog\/equinozio-di-autunno-2\/","title":{"rendered":"EQUINOZIO DI AUTUNNO"},"content":{"rendered":"<p>La parola deriva dal latino \u201cAequinoctium\u201d che significa \u201cnotte uguale\u201d ; con questo termine si indicano i due periodi dell\u2019anno: in primavera e in autunno, nei quali la durata del giorno dovrebbe essere uguale a quella della notte, anche se cosi non \u00e8 proprio esattamente, in quanto la rifrazione atmosferica rende il giorno un po\u2019 pi\u00f9 lungo della notte, nell\u2019emisfero boreale e in quello australe. E\u2019 l\u2019unico momento dell\u2019anno in cui il Sole sorge esattamente a est e tramonta ad ovest.<br \/>\nAl polo Nord il sole si abbassa sotto la linea dell\u2019orizzonte e la luce diventa crepuscolare fino ad annullarsi e a lasciare il posto all\u2019oscurit\u00e0. Al Polo Sud il sole sale sopra l\u2019orizzonte, alba del giorno che inizia.<br \/>\nPer tradizione \u00e8 l\u2019inizio dell\u2019autunno anche se meteorologicamente, per la nostra latitudine, l\u2019inizio \u00e8 il primo settembre e dura fino al 30 novembre, anziche fino al solstizio d\u2019inverno come prevede la tradizione.<br \/>\nQuesto giorno veniva anche chiamato Alban , Luce dell\u2019Acqua, presso i Druidi e Harvest, in Inghilterra<\/p>\n<p>Dal punto di vista magico-simbolico fin dall\u2019antichit\u00e0 le popolazioni hanno considerato questa ricorrenza come il momento in cui le forze della luce e delle tenebre sono in equilibrio, il tempo nel quale si ha il passaggio tra cio\u2019 che \u00e8 visibile e quello che non si vede, la natura dopo aver dato i suoi frutti si ritira all\u2019interno della Madre Terra.<br \/>\nNelle varie tradizioni, attraverso i tempi sono sorti rituali, miti e leggende circondati da mistero, per celebrare e ricordare questa ricorrenza. Molti in questa occasione si recano alle rovine di Stonehenge dove mistero, magia, cultura e tradizione antica si fondono. Oppure in Per\u00f9 a Machu Picchu, dove c\u2019\u00e8 una pietra particolare la cui parte superiore assomiglia a un palo inclinato, che proietta l\u2019ombra del Sole. Durante l\u2019equinozio l\u2019inclinazione della pietra combacia perfettamente con l\u2019inclinazione dei raggi del sole e cos\u00ec la pietra non proietta nessuna ombra. (per ulteriori approfondimenti sulle indicazioni degli equinozi e dei solstizi sulle costruzioni a Machu Picchu http:\/\/www.civiltaeterne.it\/2016\/12\/02\/orientamento-astronomico-di-machu-picchu\/ )<br \/>\nSecondo la tradizione Inca in quel momento il dio Sole \u00e8 per un attimo come \u201clegato\u201d alla roccia. Ecco perch\u00e9 questa pietra si chiama Intihuatana, cio\u00e8 \u201cluogo che lega il Sole\u201d.<br \/>\nL\u2019autunno rappresenta il sacrificio della vita che soccombe alla morte e ritorna alla terra che la nasconde. Tra le leggende che incarnano questa simbologia le due piu\u2019 note sono:<br \/>\n&#8211; Quella classica di Cerere, dea latina delle messi (o Demetra nella cultura greca) e della figlia Proserpina (o Persefone) costretta a tornare in autunno sotto terra dallo sposo Plutone (o Ade) dio degli Inferi .<br \/>\n&#8211; Quella britannico-celtica di Mabon, dio della vegetazione e dei raccolti, rapito 3 giorni dopo la nascita, portato nel regno dei morti e liberato successivamente da Culhwuc cugino di re Artu\u2019-<br \/>\nIn entrambi i casi il sacrifico della dea (o del dio) imprigionati sottoterra impedisce alle piante e alla natura di prosperare sulla terra.<br \/>\nPresso i Celti si festeggiava l\u2019oscurit\u00e0 e si separavano gli innamorati e le madri dalle figlie. Nel Galles i festeggiamenti culminano con un rogo dove viene bruciato un uomo di paglia, simbolo del dio del raccolto e della vegetazione.<br \/>\nNei paesi anglosassoni si celebra \u201cHarvest Festival\u201d o festa del raccolto, con la quale un tempo si ringraziavano gli dei per i raccolti ottenuti durante l\u2019estate. Nei festeggiamenti vengono confezionate della Bambole di grano con le ultime spighe raccolte e legate con del filo rosso. Esse vengono poi interrate nei campi a scopo propiziatorio. Questa bambola veniva anche chiamata \u201cLa ragazza dell\u2019Edera\u201d perch\u00e9 l\u2019edera rimane verde tutto l\u2019anno , \u00e8 radicata alla terra e si arrampica verso l\u2019alto, \u00e8 simbolo di forza, di tenacia e di resistenza<br \/>\nIn Giappone \u00e8 una delle feste nazionali. Fa parte dei 24 Setsubun, i giorni di transizione pi\u00f9 importanti dell\u2019anno, che segnano il passaggio da un periodo all\u2019altro. La festa viene chiamata Shuubun No Hi o Higan no Chu-Nichi. In questa giornata si va ad osservare la pioggia delle foglie d\u2019acero, albero sacro del Giappone, cos\u00ec come con l\u2019arrivo della primavera si ammira la fioritura dei ciliegi.<br \/>\nPresso le streghe, intese nel senso benevolo del termine e non come ce lo ha mostrato per secoli la Chiesa e l\u2019inquisizione, oltre ai rituali di raccolta delle erbe. di accensione per tutta la casa di candele, preferibilmente marroni, arancioni e rosse, affinch\u00e9 le anime dei loro defunti trovino la strada per ricongiungersi ai loro cari rimasti sulla terra. l\u2019Equinozio di autunno viene anche celebrato con il Sabbat dell\u2019oscurit\u00e0 uno degli 8 sabbat dell\u2019anno, con il quale il cerchio della ruota si chiude e l\u2019anno giunge al termine .I festeggiamenti durano 3 giorni<\/p>\n<p>\u2022 Anticamente l\u2019equinozio veniva celebrato da molte popolazioni andando in luoghi naturali e selvaggi come: foreste, boschi, brughiere ecc.., per raccogliere piante che venivano poi utilizzate per allontanare gli spiriti malvagi dalle case e per compiere riti magici, con lo stesso scopo; si raccoglievano anche i frutti della terra dei quali ci si cibava. I cibi legati all\u2019equinozio sono:<br \/>\n\u2022 &#8211; il Melograno che si trova anche nel mito di Demetra e Persefone. Demetra fece di tutto per salvare Persefone da una vita nell&#8217;Ombra, ma non vi riusc\u00ec perch\u00e9, secondo la tradizione questa mangi\u00f2 alcuni chicchi di melograno che le vennero offerti, legandosi per sempre al regno dei morti.<br \/>\n\u2022 La Mora &#8211; E&#8217; uno dei frutti della fine dell&#8217;estate e, sempre secondo la leggenda, non andrebbe mangiato una volta terminato settembre, perch\u00e9 verrebbe contaminato da forze oscure<br \/>\n\u2022 Per la tradizione Wicca tutti i piatti a base di zucche e zucchine al forno, fagioli e pane di grano.<br \/>\n\u2022 In molti riti spesso si fanno banchetti dove si trova la frutta di stagione come: l\u2019uva rossa, le mele rosse, le mele cotogne il cui valore simbolico ha il compito di rafforzare il senso di appartenenza alla madre terra e il legame di fratellanza e di amore tra i partecipanti.<br \/>\nCon l\u2019equinozio il Sole passa nel segno zodiacale della bilancia che rappresenta l\u2019equilibrio, tra il giorno e la notte, tra la luce e l\u2019oscurit\u00e0. I segni zodiacali legati all\u2019autunno sono la bilancia, lo scorpione e il sagittario e rappresentano la morte con la dissoluzione della materia per sublimarsi elevarsi e ricominciare un nuovo ciclo.<br \/>\nLe stelle che sono legate all\u2019equinozio di autunno sono Antares il cuore della costellazione dello Scorpione e Altair della costellazione dell\u2019Aquila che sorge insieme allo Scorpione e ne \u00e8 simbolicamente collegata. Il nome Altair viene dall\u2019arabo \u201cAl Nesr Al Tair\u201d che vuol dire aquila volante.<br \/>\nNella simbologia che accomuna lo Scorpione all\u2019Aquila vi \u00e8 il dualismo esistenziale attraverso il quale lo scorpione, la parte densa e oscura della materia, si decompone e si trasmuta nell\u2019aquila simbolo della parte luminosa che vola verso il cielo, superando la materia per elevarsi. L\u2018aquila, dal canto suo, si lega al Sagittario, simbolo dell\u2019elevazione spirituale. Rappresenta l\u2019anima che si innalza e arriva a compimento attraverso la luce, \u00e8 inoltre in rapporto con il Capricorno che, come lei, mira a raggiungere alte vette, si collega all\u2019Acquario perch\u00e9, dalla vetta che ha raggiunto, \u00e8 intenta a spiegare le ali verso la coppa dell\u2019Acquario che gli tende l\u2019uomo con la brocca, evocando simbolicamente resurrezione e immortalit\u00e0<br \/>\nLe pietre e i cristalli che interagiscono energeticamente con l\u2019Equinozio di Autunno sono: &#8211;<br \/>\nl\u2019onice sacra a Marte e a Saturno. Anticamente si riteneva che imprigionasse un demone che portava discordia e di notte terrorizzava i dormienti originando incubi. Questa credenza \u00e8 stata superata dall\u2019utilizzo dell\u2019onice in modo positivo. E\u2019 una pietra protettiva, capace di allontanare gli spiriti malvagi, l\u2019oscurit\u00e0 delle tenebre, il \u201cmalocchio\u201d e rispedirlo al mittente. E\u2019 in grado di interagire con la persona che la indossa per combattere la malinconia.<br \/>\nil granato \u00e8 una pietra protettiva che secondo la tradizione emette delle vibrazioni positive che formano intorno a se\u2019 e a chi lo indossa uno scudo che respinge demoni, fantasmi e negativit\u00e0. Allontana la paura. E\u2019 una pietra sacra a Marte, signore dello Scorpione e la sua energia dona forza, coraggio, vigore, resistenza e aiuta a superare se\u2019 stessi quando si vuole raggiungere una meta. Ed \u00e8 una pietra legata al segno zodiacale del Sagittario in quanto favorisce l\u2019elevazione e la crescita personale.<br \/>\ne il quarzo citrino \u00e8 sacro al Sole e alla Luna. Le sue vibrazioni energetiche proteggono dal male e dalla negativit\u00e0, stimolano la vitalit\u00e0, sono curative, amplificano lo spirito e il pensiero elevandoli alle pi\u00f9 alte frequenze.<br \/>\nPerch\u00e9 l\u2019equinozio d\u2019autunno non cade il 21? Cosa fa cambiare la data di solstizio ed equinozio?<br \/>\nLa data dell\u2019equinozio d\u2019autunno, cos\u00ec come dell\u2019equinozio di primavera e dei solstizi, non \u00e8 una data prestabilita, ma cambia a seconda dell\u2019inclinazione dell\u2019asse terrestre e allo \u201cspostamento\u201d sul calendario causato dall\u2019introduzione degli anni bisestili.<br \/>\nA dire il vero, l\u2019equinozio di settembre non cadr\u00e0 il 21 per almeno i prossimi 70 anni. Incredibile pensarci, ma la prossima volta che succeder\u00e0 sar\u00e0 il 21 settembre sar\u00e0 nel 2092, alle 23.41 UTC (in Italia quindi cadr\u00e0 comunque il 22 settembre). Fino ad allora l\u2019equinozio cadr\u00e0 tra il 22 o il 23 settembre.<br \/>\nMa cosa determina questo \u201cspostamento\u201d di date? Poich\u00e9 l\u2019inclinazione dell\u2019asse terrestre non \u00e8 costante, ma varia ciclicamente tra circa 22,5\u00b0 e 24,5\u00b0 con un periodo di 41.000 anni, anche le date di inizio delle stagioni astronomiche cambiano di anno in anno. Inoltre il tempo con cui la Terra compie una intera orbita intorno al Sole \u00e8 di 365 giorni e 6 ore circa. Le sei ore in pi\u00f9 vengono recuperate ogni 4 anni con l\u2019introduzione dell\u2019anno bisestile che fa slittare, quindi, la data del solstizio sul nostro calendario.<br \/>\n(Wilma)<\/p>\n<p><img loading=\"lazy\" decoding=\"async\" class=\"alignnone size-medium wp-image-2763\" src=\"https:\/\/interazionearmonica.com\/blog\/.\/blog\/wp-content\/uploads\/machu-picchu-2627549_960_720-300x200.jpg\" alt=\"\" width=\"300\" height=\"200\" srcset=\"https:\/\/interazionearmonica.com\/blog\/.\/blog\/wp-content\/uploads\/machu-picchu-2627549_960_720-300x200.jpg 300w, https:\/\/interazionearmonica.com\/blog\/.\/blog\/wp-content\/uploads\/machu-picchu-2627549_960_720-768x511.jpg 768w, https:\/\/interazionearmonica.com\/blog\/.\/blog\/wp-content\/uploads\/machu-picchu-2627549_960_720-451x300.jpg 451w, https:\/\/interazionearmonica.com\/blog\/.\/blog\/wp-content\/uploads\/machu-picchu-2627549_960_720.jpg 960w\" sizes=\"(max-width: 300px) 100vw, 300px\" \/><\/p>\n<p>Bibliografia:<\/p>\n<ul>\n<li><a href=\"https:\/\/www.donnamoderna.com\/benessere-mente\/equinozio-autunno-data-italia-quando-inizia-autunno\">https:\/\/www.donnamoderna.com\/benessere-mente\/equinozio-autunno-data-italia-quando-inizia-autunno<\/a><\/li>\n<\/ul>\n<p>&nbsp;<\/p>\n<ul>\n<li><a href=\"https:\/\/www.extrabanca.com\/extrapeople\/eventiecuriosita\/equinozio-dautunno\/\">https:\/\/www.extrabanca.com\/extrapeople\/eventiecuriosita\/equinozio-dautunno\/<\/a><\/li>\n<li><a href=\"https:\/\/www.orsomarsoblues.it\/2017\/09\/equinozio-dautunno-miti-leggende-celebrazioni-curiosita\/\">https:\/\/www.orsomarsoblues.it\/2017\/09\/equinozio-dautunno-miti-leggende-celebrazioni-curiosita\/<\/a><\/li>\n<li><a href=\"https:\/\/www.sentierodelletenebreblog.com\/post\/mabon-equinozio-d-autunno-e-sabbat-dell-oscurit%C3%A0\">https:\/\/www.sentierodelletenebreblog.com\/post\/mabon-equinozio-d-autunno-e-sabbat-dell-oscurit%C3%A0<\/a><\/li>\n<li><a href=\"http:\/\/www.civiltaeterne.it\/2016\/12\/02\/orientamento-astronomico-di-machu-picchu\/\">http:\/\/www.civiltaeterne.it\/2016\/12\/02\/orientamento-astronomico-di-machu-picchu\/<\/a><\/li>\n<li><\/li>\n<li><a href=\"https:\/\/www.iconaclima.it\/meteo\/notizie-italia\/autunno-2022-inizio-equinozio-settembre\/\">https:\/\/www.iconaclima.it\/meteo\/notizie-italia\/autunno-2022-inizio-equinozio-settembre\/<\/a><\/li>\n<li><\/li>\n<li><\/li>\n<\/ul>\n","protected":false},"excerpt":{"rendered":"<p>Curiosit\u00e0 e riflessioni sopra l&#8217;equinozio di autunno  <a href=\"https:\/\/interazionearmonica.com\/blog\/equinozio-di-autunno-2\/\">Continua a leggere<span class=\"meta-nav\">&rarr;<\/span><\/a><\/p>\n","protected":false},"author":1,"featured_media":0,"comment_status":"closed","ping_status":"closed","sticky":false,"template":"","format":"standard","meta":{"_monsterinsights_skip_tracking":false,"_monsterinsights_sitenote_active":false,"_monsterinsights_sitenote_note":"","_monsterinsights_sitenote_category":0,"footnotes":""},"categories":[2063,2061,1814,2064],"tags":[22,3665,430,3664,3460,3668,487,3671,1461,3661,3662,3660,1385,1419,3669,406,3667,205,3458,3659,3672,942,239,238,158,3663,1483,240,3666,3670],"_links":{"self":[{"href":"https:\/\/interazionearmonica.com\/blog\/wp-json\/wp\/v2\/posts\/2762"}],"collection":[{"href":"https:\/\/interazionearmonica.com\/blog\/wp-json\/wp\/v2\/posts"}],"about":[{"href":"https:\/\/interazionearmonica.com\/blog\/wp-json\/wp\/v2\/types\/post"}],"author":[{"embeddable":true,"href":"https:\/\/interazionearmonica.com\/blog\/wp-json\/wp\/v2\/users\/1"}],"replies":[{"embeddable":true,"href":"https:\/\/interazionearmonica.com\/blog\/wp-json\/wp\/v2\/comments?post=2762"}],"version-history":[{"count":2,"href":"https:\/\/interazionearmonica.com\/blog\/wp-json\/wp\/v2\/posts\/2762\/revisions"}],"predecessor-version":[{"id":2765,"href":"https:\/\/interazionearmonica.com\/blog\/wp-json\/wp\/v2\/posts\/2762\/revisions\/2765"}],"wp:attachment":[{"href":"https:\/\/interazionearmonica.com\/blog\/wp-json\/wp\/v2\/media?parent=2762"}],"wp:term":[{"taxonomy":"category","embeddable":true,"href":"https:\/\/interazionearmonica.com\/blog\/wp-json\/wp\/v2\/categories?post=2762"},{"taxonomy":"post_tag","embeddable":true,"href":"https:\/\/interazionearmonica.com\/blog\/wp-json\/wp\/v2\/tags?post=2762"}],"curies":[{"name":"wp","href":"https:\/\/api.w.org\/{rel}","templated":true}]}}