{"id":2676,"date":"2025-05-09T17:33:46","date_gmt":"2025-05-09T17:33:46","guid":{"rendered":"https:\/\/interazionearmonica.com\/blog\/?p=2676"},"modified":"2025-05-09T17:33:46","modified_gmt":"2025-05-09T17:33:46","slug":"eleccion-de-leo-xiv","status":"publish","type":"post","link":"https:\/\/interazionearmonica.com\/blog\/eleccion-de-leo-xiv\/","title":{"rendered":"ELECCI\u00d3N DE LEO XIV"},"content":{"rendered":"<p>He querido escribir este art\u00edculo sobre la intuici\u00f3n antes de verme condicionado por todo lo relacionado con la elecci\u00f3n y la figura del Papa.<br \/>\nEsta elecci\u00f3n me ha sorprendido. Lleg\u00f3 tan r\u00e1pido, en un momento en que estoy ocupado haciendo otras cosas, sin embargo, intrigado, quise echarle un vistazo y me di cuenta de que mi intuici\u00f3n va m\u00e1s all\u00e1 de la racionalidad y de los diversos preconceptos que condicionan mi mente y, probablemente, la de muchos otros.<br \/>\nEnseguida me di cuenta de que aparecen muchas coincidencias y creo que no son por casualidad. Para m\u00ed, la casualidad es energ\u00eda din\u00e1mica en acci\u00f3n para manifestar algo. Por lo tanto, me centr\u00e9 en las impresiones que surgieron del acontecimiento. Ciertamente hay acuerdos, juegos de poder y m\u00e1s detr\u00e1s de la elecci\u00f3n papal, pero me llam\u00f3 la atenci\u00f3n la primera aparici\u00f3n. Ver aquel rostro, mirando por la ventana a la plaza de San Pedro, me lleg\u00f3 al coraz\u00f3n, transmiti\u00e9ndome las emociones que sent\u00eda aquel hombre que hab\u00eda alcanzado el trono papal, s\u00f3lo la espontaneidad natural, sin segundas intenciones, puede mostrar sensaciones tan intensas y claras, m\u00e1s all\u00e1 de todo condicionamiento.<br \/>\nQuise profundizar examinando la numerolog\u00eda vinculada a \u00e9l, la fecha de su elecci\u00f3n, la fecha de su nacimiento, los n\u00fameros que se repet\u00edan y enlazaban, a pesar de una causalidad aparente.<br \/>\nMir\u00e9 el nombre que eligi\u00f3, mir\u00e9 el escudo de armas y, aunque mi racionalidad se rebel\u00f3, mi intuici\u00f3n construy\u00f3 una imagen diferente de la que habr\u00eda esperado.<br \/>\nDiscern\u00ed un gran y radical cambio implementado a trav\u00e9s de \u00e9l, como si una de sus tareas fuera resetear un Karma anclado en el pasado y que ve la excesiva importancia de los sentidos y la materialidad en detrimento de la elevaci\u00f3n y el encumbramiento. Percibo una b\u00fasqueda de equilibrio entre la autoridad espiritual y la temporal. Hay ciertos puntos en los que se hace hincapi\u00e9: el culto mariano, el amor, la compasi\u00f3n, la renovaci\u00f3n de un eterno ciclo continuo de destrucci\u00f3n, vida, muerte, renacimiento con el fin de buscar una mayor interacci\u00f3n entre los individuos para elevarse hacia la luz y completarse en lo divino. Tal vez me equivoque y la racionalidad me lo est\u00e9 se\u00f1alando, pero percibo un cambio a trav\u00e9s del cual la humanidad redescubrir\u00e1 nuevos valores e ideolog\u00edas basadas en el amor, la compasi\u00f3n y una mayor espiritualidad. (Vilma)<\/p>\n<p style=\"text-align: center;\"><img loading=\"lazy\" decoding=\"async\" class=\"alignnone size-full wp-image-2673\" src=\"https:\/\/interazionearmonica.com\/blog\/.\/blog\/wp-content\/uploads\/stemma-Leone.jpg\" alt=\"\" width=\"206\" height=\"214\" \/><\/p>\n<p>Traducci\u00f3n realizada con la versi\u00f3n gratuita del traductor DeepL.com<\/p>\n","protected":false},"excerpt":{"rendered":"<p>Reflexiones sobre la elecci\u00f3n del Papa sobre la intuici\u00f3n m\u00e1s all\u00e1 de la racionalidad <a href=\"https:\/\/interazionearmonica.com\/blog\/eleccion-de-leo-xiv\/\">Continua a leggere<span class=\"meta-nav\">&rarr;<\/span><\/a><\/p>\n","protected":false},"author":1,"featured_media":0,"comment_status":"closed","ping_status":"closed","sticky":false,"template":"","format":"standard","meta":{"_monsterinsights_skip_tracking":false,"_monsterinsights_sitenote_active":false,"_monsterinsights_sitenote_note":"","_monsterinsights_sitenote_category":0,"footnotes":""},"categories":[3068,2063,1814,1],"tags":[3623],"_links":{"self":[{"href":"https:\/\/interazionearmonica.com\/blog\/wp-json\/wp\/v2\/posts\/2676"}],"collection":[{"href":"https:\/\/interazionearmonica.com\/blog\/wp-json\/wp\/v2\/posts"}],"about":[{"href":"https:\/\/interazionearmonica.com\/blog\/wp-json\/wp\/v2\/types\/post"}],"author":[{"embeddable":true,"href":"https:\/\/interazionearmonica.com\/blog\/wp-json\/wp\/v2\/users\/1"}],"replies":[{"embeddable":true,"href":"https:\/\/interazionearmonica.com\/blog\/wp-json\/wp\/v2\/comments?post=2676"}],"version-history":[{"count":2,"href":"https:\/\/interazionearmonica.com\/blog\/wp-json\/wp\/v2\/posts\/2676\/revisions"}],"predecessor-version":[{"id":2678,"href":"https:\/\/interazionearmonica.com\/blog\/wp-json\/wp\/v2\/posts\/2676\/revisions\/2678"}],"wp:attachment":[{"href":"https:\/\/interazionearmonica.com\/blog\/wp-json\/wp\/v2\/media?parent=2676"}],"wp:term":[{"taxonomy":"category","embeddable":true,"href":"https:\/\/interazionearmonica.com\/blog\/wp-json\/wp\/v2\/categories?post=2676"},{"taxonomy":"post_tag","embeddable":true,"href":"https:\/\/interazionearmonica.com\/blog\/wp-json\/wp\/v2\/tags?post=2676"}],"curies":[{"name":"wp","href":"https:\/\/api.w.org\/{rel}","templated":true}]}}