{"id":2202,"date":"2023-12-25T02:06:03","date_gmt":"2023-12-25T02:06:03","guid":{"rendered":"https:\/\/interazionearmonica.com\/blog\/?p=2202"},"modified":"2023-12-25T02:06:03","modified_gmt":"2023-12-25T02:06:03","slug":"riflessioni-sul-natale","status":"publish","type":"post","link":"https:\/\/interazionearmonica.com\/blog\/riflessioni-sul-natale\/","title":{"rendered":"Riflessioni sul Natale:"},"content":{"rendered":"<p>festa cristiana con radici in tempi remoti, <strong>quando gli uomin<\/strong>i, costretti a rimanere chiusi nelle loro dimore, a causa delle lunghe notti gelide, <strong>riscoprivano se stessi e con il Solstizio d\u2019inverno si riunivano per celebrare la fine delle tenebre e la rinascita della luce.<\/strong><br \/>\nEra un momento di <strong>comunione, di ringraziamento, di entusiasmo per la fine dell\u2019oscurit\u00e0,<\/strong> si accendevano i fuochi simbolo della luce e del calore che iniziava a tornare sulla Terra. <strong>Gli individui si sentivano accomunati nel lasciare alle spalle il buio e nel condividere la gioia e la speranza in un nuovo periodo pieno di potenzialit\u00e0 e opportunit\u00e0<\/strong>. L\u2019essenza della vita si risvegliava <strong>in ogni cuore<\/strong> e lo faceva palpitare<strong> di amore e di gratitudine<\/strong>, sentimenti sinceri che venivano scambiati nella semplicit\u00e0 di un gesto, di un umile dono per ricordare un evento importante nella vita delle comunit\u00e0.<br \/>\n<strong>Il tempo e l\u2019evoluzione hanno trasformato e deformato lo spirito che muoveva i rituali dei nostri avi.<\/strong> Il consumismo, l\u2019apparenza, la falsit\u00e0, la superficialit\u00e0, hanno fatto dimenticare la vera essenza della festa che \u00e8 diventata un tradizionale sfoggio di abbondanza, di tavole imbandite, dove spesso l\u2019ipocrisia e la falsit\u00e0 rasserena i volti di chi a malapena si sopporta per il resto dell\u2019anno. I doni scambiati diventano un surrogato di un affetto che nulla ha a che vedere con il cuore e con l\u2019amore e come tali in poco tempo vengono accantonati in un angolo della casa. Il ritorno della luce solare \u00e8 dimenticato dall\u2019effimero splendore di luminarie e giochi luminosi che destano una momentanea ammirazione e stupore, ma che allontanano dai veri valori e principi della vita.<br \/>\n<em>La visione della festa del Natale viene cos\u00ec distorta dai bisogni umani, al passo con i tempi, di colmare stress, squilibri e frustrazioni, accumulati per una esistenza dominata dalla mancanza di essere se stessi, di esprimere se stessi e le proprie capacit\u00e0, tutti presi da una spasmodica corsa verso la conquista del denaro, del successo e del potere, che annienta, nel suo avanzare, ogni forma di amore e di solidariet\u00e0 che un tempo accomunava le comunit\u00e0.<\/em><br \/>\nPoveri, diseredati e tutti coloro che rifiutano modelli di consumismo e apparenza imposti dalla societ\u00e0, vengono emarginati e abbandonati alla loro solitudine, che spesso si trasforma in disperazione, in un mondo dove valori come la solidariet\u00e0, l\u2019umilt\u00e0 e l\u2019amore che incarnano il vero spirito della festa, sono stati messi al bando.<\/p>\n<p>Forse sarebbe il momento opportuno perche l&#8217;umanit\u00e0 riscoprisse se stessa, il palpitare del proprio cuore, e sintonizzandosi sui battiti rallentasse il passo e cambiasse il modo di considerare la vita e gli eventi che ne scandiscono i periodi .e i cicli vitali (Wilma)<\/p>\n<p style=\"text-align: center;\"><img loading=\"lazy\" decoding=\"async\" class=\"alignnone size-full wp-image-2204\" src=\"https:\/\/interazionearmonica.com\/blog\/.\/blog\/wp-content\/uploads\/pranzo-natale-.jpg\" alt=\"\" width=\"225\" height=\"225\" srcset=\"https:\/\/interazionearmonica.com\/blog\/.\/blog\/wp-content\/uploads\/pranzo-natale-.jpg 225w, https:\/\/interazionearmonica.com\/blog\/.\/blog\/wp-content\/uploads\/pranzo-natale--150x150.jpg 150w\" sizes=\"(max-width: 225px) 100vw, 225px\" \/><\/p>\n","protected":false},"excerpt":{"rendered":"<p>Alcune considerazioni sulle quali meditare sul Natale in origine e ai tempi nostri  <a href=\"https:\/\/interazionearmonica.com\/blog\/riflessioni-sul-natale\/\">Continua a leggere<span class=\"meta-nav\">&rarr;<\/span><\/a><\/p>\n","protected":false},"author":1,"featured_media":0,"comment_status":"open","ping_status":"closed","sticky":false,"template":"","format":"standard","meta":{"_monsterinsights_skip_tracking":false,"_monsterinsights_sitenote_active":false,"_monsterinsights_sitenote_note":"","_monsterinsights_sitenote_category":0,"footnotes":""},"categories":[1],"tags":[413,2984,2986,1911,2988,161,2983,2329,192,1919,2812,2980,2981,216,2579,1913,2982,1808,2989,1832,794,1931,2990,2985,1912,2987,1194],"_links":{"self":[{"href":"https:\/\/interazionearmonica.com\/blog\/wp-json\/wp\/v2\/posts\/2202"}],"collection":[{"href":"https:\/\/interazionearmonica.com\/blog\/wp-json\/wp\/v2\/posts"}],"about":[{"href":"https:\/\/interazionearmonica.com\/blog\/wp-json\/wp\/v2\/types\/post"}],"author":[{"embeddable":true,"href":"https:\/\/interazionearmonica.com\/blog\/wp-json\/wp\/v2\/users\/1"}],"replies":[{"embeddable":true,"href":"https:\/\/interazionearmonica.com\/blog\/wp-json\/wp\/v2\/comments?post=2202"}],"version-history":[{"count":2,"href":"https:\/\/interazionearmonica.com\/blog\/wp-json\/wp\/v2\/posts\/2202\/revisions"}],"predecessor-version":[{"id":2205,"href":"https:\/\/interazionearmonica.com\/blog\/wp-json\/wp\/v2\/posts\/2202\/revisions\/2205"}],"wp:attachment":[{"href":"https:\/\/interazionearmonica.com\/blog\/wp-json\/wp\/v2\/media?parent=2202"}],"wp:term":[{"taxonomy":"category","embeddable":true,"href":"https:\/\/interazionearmonica.com\/blog\/wp-json\/wp\/v2\/categories?post=2202"},{"taxonomy":"post_tag","embeddable":true,"href":"https:\/\/interazionearmonica.com\/blog\/wp-json\/wp\/v2\/tags?post=2202"}],"curies":[{"name":"wp","href":"https:\/\/api.w.org\/{rel}","templated":true}]}}