{"id":1649,"date":"2021-07-16T14:32:31","date_gmt":"2021-07-16T14:32:31","guid":{"rendered":"https:\/\/interazionearmonica.com\/blog\/?p=1649"},"modified":"2021-07-16T14:32:32","modified_gmt":"2021-07-16T14:32:32","slug":"responsabilita","status":"publish","type":"post","link":"https:\/\/interazionearmonica.com\/blog\/responsabilita\/","title":{"rendered":"RESPONSABILITA\u2019"},"content":{"rendered":"<p>Deriva dal verbo latino<strong> \u201cRespondere\u201d<\/strong> . E\u2019 composto da 3 parti <strong>\u201cRe\u201d<\/strong> che vuol dire indietro, <strong>\u201cSpondere\u201d<\/strong>, verbo che significa promettere e dal suffisso <strong>\u201cBile\u201d<\/strong> che indica possibilit\u00e0. Nel significato letterario, quindi, indica la possibilit\u00e0 di impegnarsi a rispondere a se stesso o agli altri in merito a qualcosa che si \u00e8 deciso e scelto di compiere. In verit\u00e0 la parola \u00e8 molto piu\u2019 complessa e nel corso dei tempi si \u00e8 arricchita di valori filosofico-sociali-tradizionali- religiosi, politici e morali che ne hanno arricchito l\u2019importanza e ampliato il significato.<br \/>\n<strong>Il rapporto meccanico di causalit\u00e0 \u201cCausa-effetto\u201d \u00e8 stato superato<\/strong>, coinvolgendo aspetti e tematiche che l\u2019hanno accostata e inglobata a un discorso piu\u2019 ampio caratterizzato da una filosofia e uno stile di vita che presuppone una consapevolezza del proprio modo di essere e del proprio agire.<em><strong> Essere responsabili diventa quindi una scelta di vita e di rapportarsi con se stessi e con gli altri, indicando la capacit\u00e0 di operare, in modo consapevole e cosciente, attribuendo a se stessi gli effetti e le conseguenze delle proprie decisioni e scelte.<\/strong><\/em><br \/>\nQuesto ovviamente comporta: maturit\u00e0, seriet\u00e0, ponderatezza, equilibrio verso se stessi e verso gli altri.<br \/>\nValori nella societ\u00e0 odierna poco sentiti e praticati, ragione per cui <strong>la responsabilit\u00e0 oggi viene correlata ai termini libert\u00e0 e colpa.<\/strong> Nel senso che si cerca una<strong> egoistica libert\u00e0 di agire che toglie ogni responsabilit\u00e0 al protagonista e che, scarica le colpe e colpevolizza altro o altri, per gli effetti e le conseguenze dei propri errori e per le proprie scelte sbagliate.<\/strong> Cosi vediamo che il responsabile del furto \u00e8 la vittima perch\u00e9 ha lasciato la porta aperta e il ladro ne ha approfittato. Il cattivo cibo \u00e8 il responsabile del male di pancia, una mala sorte \u00e8 colpa di un destino crudele, la diffusione di una malattia \u00e8 dovuta a untori piuttosto che a chi vive in squilibri continui che debilitano il sistema immunitario e via dicendo, si potrebbe andare avanti a riempire pagine su pagine, con esempi continui in tutti i campi della vita quotidiana. Sarebbe necessaria una maggiore comprensione e consapevolezza del termine \u201cResponsabilita\u201d legata alla serieta,\u00a0 all\u2019 impegno e al coraggio individuali nella risposta alle situazioni della vita, soprattutto quando si creano azioni o eventi che possono nuocere ad altri. (Wilma)<\/p>\n<p style=\"text-align: center;\"><a href=\"https:\/\/interazionearmonica.com\/blog\/responsabilita\/responsabilita-post-blog\/\" rel=\"attachment wp-att-1652\"><img loading=\"lazy\" decoding=\"async\" class=\"aligncenter size-full wp-image-1652\" src=\"https:\/\/interazionearmonica.com\/blog\/.\/blog\/wp-content\/uploads\/responsabilita\u0300-post-blog.jpg\" alt=\"\" width=\"2400\" height=\"1280\" srcset=\"https:\/\/interazionearmonica.com\/blog\/.\/blog\/wp-content\/uploads\/responsabilita\u0300-post-blog.jpg 2400w, https:\/\/interazionearmonica.com\/blog\/.\/blog\/wp-content\/uploads\/responsabilita\u0300-post-blog-300x160.jpg 300w, https:\/\/interazionearmonica.com\/blog\/.\/blog\/wp-content\/uploads\/responsabilita\u0300-post-blog-1024x546.jpg 1024w, https:\/\/interazionearmonica.com\/blog\/.\/blog\/wp-content\/uploads\/responsabilita\u0300-post-blog-768x410.jpg 768w, https:\/\/interazionearmonica.com\/blog\/.\/blog\/wp-content\/uploads\/responsabilita\u0300-post-blog-1536x819.jpg 1536w, https:\/\/interazionearmonica.com\/blog\/.\/blog\/wp-content\/uploads\/responsabilita\u0300-post-blog-2048x1092.jpg 2048w, https:\/\/interazionearmonica.com\/blog\/.\/blog\/wp-content\/uploads\/responsabilita\u0300-post-blog-500x267.jpg 500w\" sizes=\"(max-width: 2400px) 100vw, 2400px\" \/><\/a><\/p>\n","protected":false},"excerpt":{"rendered":"<p>Significato del termine &#8220;Responsabilit\u00e0&#8221; per comprenderne il significato e il valore nella vita quotidiana  <a href=\"https:\/\/interazionearmonica.com\/blog\/responsabilita\/\">Continua a leggere<span class=\"meta-nav\">&rarr;<\/span><\/a><\/p>\n","protected":false},"author":1,"featured_media":0,"comment_status":"open","ping_status":"closed","sticky":false,"template":"","format":"standard","meta":{"_monsterinsights_skip_tracking":false,"_monsterinsights_sitenote_active":false,"_monsterinsights_sitenote_note":"","_monsterinsights_sitenote_category":0,"footnotes":""},"categories":[1814],"tags":[2036,881,1847,2136,1253,2134,221,615,1893,2078,11,1448,987,1887,2370,179,2371,1565,2374,2373,1816,2372,1858,2375,235,1549,888,189],"_links":{"self":[{"href":"https:\/\/interazionearmonica.com\/blog\/wp-json\/wp\/v2\/posts\/1649"}],"collection":[{"href":"https:\/\/interazionearmonica.com\/blog\/wp-json\/wp\/v2\/posts"}],"about":[{"href":"https:\/\/interazionearmonica.com\/blog\/wp-json\/wp\/v2\/types\/post"}],"author":[{"embeddable":true,"href":"https:\/\/interazionearmonica.com\/blog\/wp-json\/wp\/v2\/users\/1"}],"replies":[{"embeddable":true,"href":"https:\/\/interazionearmonica.com\/blog\/wp-json\/wp\/v2\/comments?post=1649"}],"version-history":[{"count":4,"href":"https:\/\/interazionearmonica.com\/blog\/wp-json\/wp\/v2\/posts\/1649\/revisions"}],"predecessor-version":[{"id":1654,"href":"https:\/\/interazionearmonica.com\/blog\/wp-json\/wp\/v2\/posts\/1649\/revisions\/1654"}],"wp:attachment":[{"href":"https:\/\/interazionearmonica.com\/blog\/wp-json\/wp\/v2\/media?parent=1649"}],"wp:term":[{"taxonomy":"category","embeddable":true,"href":"https:\/\/interazionearmonica.com\/blog\/wp-json\/wp\/v2\/categories?post=1649"},{"taxonomy":"post_tag","embeddable":true,"href":"https:\/\/interazionearmonica.com\/blog\/wp-json\/wp\/v2\/tags?post=1649"}],"curies":[{"name":"wp","href":"https:\/\/api.w.org\/{rel}","templated":true}]}}